{"id":23691,"date":"2019-06-13T14:50:00","date_gmt":"2019-06-13T12:50:00","guid":{"rendered":"https:\/\/www.plongee-plaisir.com\/fr\/?p=23691"},"modified":"2021-04-09T16:06:08","modified_gmt":"2021-04-09T14:06:08","slug":"reforme-de-lorganisation-territoriale-de-letat","status":"publish","type":"post","link":"https:\/\/www.plongee-plaisir.com\/fr\/reforme-de-lorganisation-territoriale-de-letat\/","title":{"rendered":"R\u00e9forme de l&rsquo;organisation territoriale de l&rsquo;Etat"},"content":{"rendered":"\n<p class=\"has-text-color has-normal-font-size wp-block-paragraph\" style=\"color:#f42d76\">ACTUALIT\u00c9<\/p>\n\n\n\n<div class=\"wp-block-kadence-spacer aligncenter kt-block-spacer-_72b3a8-64\"><div class=\"kt-block-spacer kt-block-spacer-halign-center\" style=\"height:17px\"><hr class=\"kt-divider\" style=\"border-top-color:rgba(244, 45, 118, 1);border-top-width:10px;width:100%;border-top-style:solid\"\/><\/div><\/div>\n\n\n\n<p class=\"has-small-font-size wp-block-paragraph\">13\/06\/2019<\/p>\n\n\n\n<figure class=\"wp-block-image\"><img decoding=\"async\" width=\"335\" height=\"142\" src=\"https:\/\/www.plongee-plaisir.com\/fr\/wp-content\/uploads\/2019\/06\/La-reforme-de-l-administration-territoriale-de-l-Etat-ReATE_large-1.jpg\" alt=\"\" class=\"wp-image-23695\" srcset=\"https:\/\/www.plongee-plaisir.com\/fr\/wp-content\/uploads\/2019\/06\/La-reforme-de-l-administration-territoriale-de-l-Etat-ReATE_large-1.jpg 335w, https:\/\/www.plongee-plaisir.com\/fr\/wp-content\/uploads\/2019\/06\/La-reforme-de-l-administration-territoriale-de-l-Etat-ReATE_large-1-300x127.jpg 300w\" sizes=\"(max-width: 335px) 100vw, 335px\" \/><\/figure>\n\n\n\n<p class=\"wp-block-paragraph\"><strong>Coordonnateur national de la r\u00e9forme des services de l&rsquo;\u00c9tat<\/strong> : Claude KUPFER, pr\u00e9fet<\/p>\n\n\n\n<p class=\"wp-block-paragraph\">Suite \u00e0 la consultation faite aupr\u00e8s des pr\u00e9fets il y a pr\u00e8s d&rsquo;un an, le cabinet du Premier ministre a publi\u00e9 le 12 juin une circulaire relative \u00e0 la mise en \u0153uvre de la <strong>r\u00e9forme de l&rsquo;organisation territoriale de l&rsquo;Etat<\/strong>.<\/p>\n\n\n\n<p class=\"wp-block-paragraph\">Ce projet de r\u00e9forme poursuit quatre objectifs.<\/p>\n\n\n\n<ol class=\"wp-block-list\"><li><strong>D\u00e9senchev\u00eatrer<\/strong> les comp\u00e9tences de l&rsquo;Etat, avec les collectivit\u00e9s territoriales, les op\u00e9rateurs et les acteurs hors de la sph\u00e8re publique ; <\/li><li><strong>R\u00e9organiser le r\u00e9seau d\u00e9concentr\u00e9 de l&rsquo;Etat<\/strong> ;<\/li><li>Gagner en <strong>efficience<\/strong> ;<\/li><li>Conf\u00e9rer aux responsables d\u00e9concentr\u00e9s des <strong>pouvoirs de gestion accrus.<\/strong><\/li><\/ol>\n\n\n\n<p class=\"wp-block-paragraph\">La Jeunesse, la Vie Associative et le Sport font partie des domaines concern\u00e9s, avec en partie le <strong>transfert des formations et certifications \u00e0 l&rsquo;\u00e9ducation nationale<\/strong>. : <\/p>\n\n\n\n<ul class=\"wp-block-list\"><li>Jeunesse et vie associative : transfert \u00e0 l&rsquo;\u00e9ducation nationale et \u00e0 l&rsquo;enseignement sup\u00e9rieur de la formation \/ certification dans le secteur animation jeunesse, apr\u00e8s all\u00e8gement de la mission.<\/li><li><strong>Sport, transfert de la mission <\/strong>\u00ab formation certification \u00bb \u00e0 l&rsquo;\u00e9ducation nationale,<strong> apr\u00e8s all\u00e8gement de la mission<\/strong>, et en \u00e9tudiant la possibilit\u00e9 d&rsquo;externaliser l&rsquo;homologation des installations sportives, \u00e0 l&rsquo;exception de la comp\u00e9tence pour les lieux accueillant du public.<\/li><\/ul>\n\n\n\n<p class=\"wp-block-paragraph\">Il faudra bien \u00e9videmment attendre les mesures d&rsquo;application pour conna\u00eetre les impacts concrets sur le terrain et l&rsquo;\u00e9ch\u00e9ancier de mise en place..<\/p>\n\n\n\n<div style=\"color:#32373c;background-color:#209cef\" class=\"wp-block-genesis-blocks-gb-notice gb-font-size-18 gb-block-notice\" data-id=\"a13dac\"><div class=\"gb-notice-title\" style=\"color:#fff\"><p>Transfert \u00e0 l&rsquo;\u00e9ducation nationale<\/p><\/div><div class=\"gb-notice-text\" style=\"border-color:#209cef\"><p>D&rsquo;ores et d\u00e9j\u00e0, nous savons qu&rsquo;un principe est pos\u00e9 dans le domaine sportif : le <strong>transfert des formations et certifications \u00e0 l&rsquo;\u00e9ducation nationale.<\/strong><\/p><\/div><\/div>\n\n\n\n<p class=\"wp-block-paragraph\">Dit autrement, cela signe probablement le transfert des formations et certifications depuis les CREPS vers les UFR STAPS. <\/p>\n\n\n\n<p class=\"wp-block-paragraph\">La circulaire pr\u00e9cise que ce transfert s&rsquo;effectuera \u00ab\u00a0apr\u00e8s all\u00e9gement de la mission\u00a0\u00bb. Qu&rsquo;est-ce que cela signifie ? Une reconnaissance plus importante des formations f\u00e9d\u00e9rales dans le cadre des certifications faites par l&rsquo;Etat ? C&rsquo;est une possibilit\u00e9, il faudra attendre. les textes d&rsquo;application pour le savoir.<\/p>\n\n\n\n<p class=\"wp-block-paragraph\"><strong>Autre interrogation : que se passera-t-il pour les activit\u00e9s \u00e0 environnement sp\u00e9cifique ? <\/strong>Suivront-elles le mouvement annonc\u00e9 vers l&rsquo;Education nationale ? Ou bien un <em>statu quo<\/em> sera-t-il d\u00e9cid\u00e9 pour ne rien changer \u00e0 la situation actuelle ? En quoi l&rsquo;environnement sp\u00e9cifique serait exclusivement li\u00e9 \u00e0 la d\u00e9livrance de brevets par le minist\u00e8re des Sports ? En quoi un \u00e9ventuel maintien au sein du minist\u00e8re des Sports emp\u00eacherait \u00ab\u00a0l&rsquo;all\u00e8gement de la mission\u00a0\u00bb pr\u00e9vu dans la circulaire ? Serait-ce une r\u00e9elle contrainte juridique ou un choix politique ? En plong\u00e9e, quelle r\u00e9ponse sera apport\u00e9e aux besoins de terrains en mati\u00e8re de main-d&rsquo;oeuvre pour faire face \u00e0 une activit\u00e9 saisonni\u00e8re en M\u00e9tropole ?  Une passerelle courte pour les MF1 r\u00e9pondrait \u00e0 fois \u00e0 la demande \u00ab\u00a0d&rsquo;all\u00e8gement de la formation\u00a0\u00bb et \u00e0 la demande de nombreux professionnels&#8230;<br><em>Rappel : l&rsquo;entr\u00e9e en formation DEJEPS s&rsquo;effectue actuellement en justifiant des aptitudes Plongeur Autonome 40 m et de 100 plong\u00e9es en milieu naturel dont 30 \u00e0 une profondeur d&rsquo;au moins 30 m\u00e8tres obtenues dans une p\u00e9riode de cinq ann\u00e9es pr\u00e9c\u00e9dant l&rsquo;entr\u00e9e en formation (<a rel=\"noreferrer noopener\" aria-label=\" (ouverture dans un nouvel onglet)\" href=\"https:\/\/www.legifrance.gouv.fr\/affichTexte.do?cidTexte=JORFTEXT000024388741&amp;categorieLien=id\" target=\"_blank\">arr\u00eat\u00e9 du 6 juillet 2011<\/a>). Cela justifie parfaitement d&rsquo;importants all\u00e8gements pour les MF1, sans rien conc\u00e9der \u00e0 la s\u00e9curit\u00e9, en correspondance avec l&rsquo;ancienne passerelle MF1\/BEES1.<\/em><\/p>\n\n\n\n<p class=\"wp-block-paragraph\">Cette r\u00e9forme pose \u00e9galement la question du prochain r\u00f4le des CREPS et du personnel employ\u00e9.<\/p>\n\n\n\n<div style=\"color:#313131;background-color:#209cef\" class=\"wp-block-genesis-blocks-gb-notice gb-font-size-18 gb-block-notice\" data-id=\"3ee6d9\"><div class=\"gb-notice-title\" style=\"color:#eeeeee\"><p>Extraits essentiels de la circulaire du Premier ministre du 12 juin 2019<\/p><\/div><div class=\"gb-notice-text\" style=\"border-color:#209cef\"><p>Un effort (&#8230;) de clarification des comp\u00e9tences doit \u00eatre conduit au sein de l&rsquo;Etat, et entre l&rsquo;Etat et les autres acteurs, dans les domaines suivants :<\/p><p><strong>Jeunesse et vie associative<\/strong>, en transf\u00e9rant \u00e0 l&rsquo;\u00e9ducation nationale et \u00e0 l&rsquo;enseignement sup\u00e9rieur la formation \/ certification dans le secteur animation jeunesse, apr\u00e8s all\u00e8gement de la mission.<\/p><p><strong>Sport,<\/strong> en <strong>transf\u00e9rant la mission \u00ab formation certification \u00bb \u00e0 l&rsquo;\u00e9ducation nationale<\/strong>, <strong>apr\u00e8s all\u00e8gement de la mission<\/strong>, et en \u00e9tudiant la possibilit\u00e9 d&rsquo;externaliser l&rsquo;homologation des installations sportives, \u00e0 l&rsquo;exception de la comp\u00e9tence pour les lieux accueillant du public. <br\/>(&#8230;.)<\/p><p><strong>Cr\u00e9er le service public de l&rsquo;insertion<\/strong><br\/>(&#8230;)<br\/>Cette nouvelle organisation devra permettre d&rsquo;assurer un dialogue plus simple et plus efficace avec les acteurs du service public de l&rsquo;insertion que sont les conseils d\u00e9partementaux, les CAF et P\u00f4le Emploi. Elle se traduira de la mani\u00e8re suivante :<br\/>&#8211; Au niveau r\u00e9gional, en regroupant dans une entit\u00e9 unique les DIRECCTE et les DRJSCS ;<br\/>&#8211; Au niveau d\u00e9partemental, <strong>en regroupant les comp\u00e9tences en mati\u00e8re de lutte contre la pauvret\u00e9 et l&rsquo;exclusion des DDCS et des DRDJSCS, avec les comp\u00e9tences des unit\u00e9s d\u00e9partementales des DIRECCTE<\/strong>, dans un nouveau r\u00e9seau, celui des Directions d\u00e9partementales en charge de l&rsquo;insertion, de la coh\u00e9sion sociale, du travail et de l&#8217;emploi (leur nom fera l&rsquo;objet d&rsquo;une d\u00e9cision prochaine des ministres en charge, apr\u00e8s consultation du r\u00e9seau). Au sein de cette entit\u00e9, l&rsquo;inspection du travail conservera son syst\u00e8me actuel d&rsquo;organisation de la ligne hi\u00e9rarchique.<br\/>(&#8230;)<\/p><p>Recentrer <strong>les missions Sport, Jeunesse et Vie associative<\/strong>, les rapprocher de\u00a0<strong>l\u2019Education nationale<\/strong>\u00a0et pr\u00e9parer la mise en \u0153uvre du\u00a0service national universel (SNU).<br\/>Inscrite dans le cadre d\u2019une d\u00e9marche \u00e9ducative, la mise en \u0153uvre du SNU sera assur\u00e9e par le minist\u00e8re de l\u2019\u00e9ducation nationale et de la jeunesse, qui se voit transf\u00e9rer les missions aujourd&rsquo;hui\u00a0exerc\u00e9es au sein des DRJSCS et des DDCS en mati\u00e8re de sport, de jeunesse, \u00e9ducation populaire et vie associative, avec pour objectif de les revoir et de les positionner notamment au service de la mise en \u0153uvre du SNU.<\/p><p>S\u2019agissant de la jeunesse, de l\u2019\u00e9ducation populaire et\u00a0de la vie associative, les\u00a0\u00e9quipes d\u00e9partementales\u00a0seront dor\u00e9navant <strong>plac\u00e9es dans les\u00a0directions des services d\u00e9partementaux de l\u2019\u00e9ducation nationale<\/strong>\u00a0tout en restant sous l\u2019autorit\u00e9 du pr\u00e9fet de d\u00e9partement pour ces missions.<br\/>(&#8230;)<\/p><p><strong>Les missions de l\u2019Etat seront recentr\u00e9es autour du soutien au sport de haut niveau<\/strong> et de l\u2019intervention dans les territoires les moins favoris\u00e9s.<\/p><p>(&#8230;)<br\/>L\u2019agence du sport d\u00e9ploiera son action au niveau r\u00e9gional, <strong>via les CREPS<\/strong>,\u00a0pour ce qui rel\u00e8ve du sport de haut niveau, et au\u00a0niveau d\u00e9partemental, via des \u00e9quipes positionn\u00e9es dans les DASEN, s\u2019agissant du sport pour tous dans les territoires les moins favoris\u00e9s.<\/p><p><strong>Le pr\u00e9fet sera le repr\u00e9sentant territorial de l\u2019agence du sport<\/strong> qui n\u2019aura d\u2019autres services d\u00e9concentr\u00e9s que ceux-ci-dessus mentionn\u00e9s.\u00a0\u00a0\u00a0<strong>Un d\u00e9l\u00e9gu\u00e9 acad\u00e9mique \u00e0 la jeunesse, \u00e0 l\u2019\u00e9ducation populaire, \u00e0 la vie associative et au sport\u00a0sera plac\u00e9 aupr\u00e8s du\u00a0recteur de r\u00e9gion acad\u00e9mique\u00a0<\/strong>et animera le r\u00e9seau des \u00e9quipes r\u00e9gionales et d\u00e9partementales charg\u00e9es de ces missions.<\/p><\/div><\/div>\n\n\n\n<div class=\"wp-block-button\"><a class=\"wp-block-button__link has-very-light-gray-color has-vivid-cyan-blue-background-color has-text-color has-background\" href=\"https:\/\/www.legifrance.gouv.fr\/affichTexte.do?cidTexte=JORFTEXT000038599066&amp;dateTexte=&amp;categorieLien=id\"><strong>T\u00e9l\u00e9charger le texte complet<\/strong><\/a><\/div>\n\n\n\n<p class=\"wp-block-paragraph\"><\/p>\n\n\n\n<p class=\"wp-block-paragraph\"><\/p>\n\n\n\n<p class=\"wp-block-paragraph\">Bulles cordiales,<\/p>\n\n\n\n<p class=\"wp-block-paragraph\">Alain Foret<br>BEES2 Plong\u00e9e<br>Auteur des livres et supports p\u00e9dagogiques <em>Plong\u00e9e Plaisir<\/em><\/p>\n\n\n\n<div class=\"wp-block-image is-style-default\"><figure class=\"alignleft size-large is-resized\"><img decoding=\"async\" src=\"https:\/\/www.plongee-plaisir.com\/fr\/wp-content\/uploads\/2021\/02\/carre.jpg\" alt=\"\" class=\"wp-image-48240\" width=\"30\" srcset=\"https:\/\/www.plongee-plaisir.com\/fr\/wp-content\/uploads\/2021\/02\/carre.jpg 102w, https:\/\/www.plongee-plaisir.com\/fr\/wp-content\/uploads\/2021\/02\/carre-100x100.jpg 100w\" sizes=\"(max-width: 102px) 100vw, 102px\" \/><\/figure><\/div>\n<style class=\"advgb-styles-renderer\">.wp-block-kadence-spacer.kt-block-spacer-_72b3a8-64 .kt-block-spacer{height:17px;}.wp-block-kadence-spacer.kt-block-spacer-_72b3a8-64 .kt-divider{border-top-width:10px;border-top-color:#f42d76;width:100%;border-top-style:solid;}<\/style>","protected":false},"excerpt":{"rendered":"<p>ACTUALIT\u00c9 13\/06\/2019 Coordonnateur national de la r\u00e9forme des services de l&rsquo;\u00c9tat : Claude KUPFER, pr\u00e9fet Suite \u00e0 la consultation faite aupr\u00e8s des pr\u00e9fets il y a pr\u00e8s d&rsquo;un an, le cabinet du Premier ministre a publi\u00e9 le 12 juin une circulaire relative \u00e0 la mise en \u0153uvre de la r\u00e9forme de l&rsquo;organisation territoriale de l&rsquo;Etat. [&hellip;]<\/p>\n","protected":false},"author":4,"featured_media":23694,"comment_status":"open","ping_status":"open","sticky":false,"template":"","format":"standard","meta":{"_crdt_document":"","_uag_custom_page_level_css":"","advgb_blocks_editor_width":"","advgb_blocks_columns_visual_guide":"","_genesis_hide_title":false,"_genesis_hide_breadcrumbs":false,"_genesis_hide_singular_image":false,"_genesis_hide_footer_widgets":false,"_genesis_custom_body_class":"","_genesis_custom_post_class":"","_genesis_layout":"","_vp_format_video_url":"","_vp_image_focal_point":[],"footnotes":""},"categories":[109],"tags":[],"class_list":{"0":"post-23691","1":"post","2":"type-post","3":"status-publish","4":"format-standard","5":"has-post-thumbnail","7":"category-actualite-de-la-plongee","8":"entry"},"yoast_head":"<!-- This site is optimized with the Yoast SEO plugin v27.5 - https:\/\/yoast.com\/product\/yoast-seo-wordpress\/ -->\n<title>R\u00e9forme de l&#039;organisation territoriale de l&#039;Etat - Plong\u00e9e Plaisir, site officiel<\/title>\n<meta name=\"robots\" content=\"index, follow, max-snippet:-1, max-image-preview:large, max-video-preview:-1\" \/>\n<link rel=\"canonical\" href=\"https:\/\/www.plongee-plaisir.com\/fr\/reforme-de-lorganisation-territoriale-de-letat\/\" \/>\n<meta property=\"og:locale\" content=\"fr_FR\" \/>\n<meta property=\"og:type\" content=\"article\" \/>\n<meta property=\"og:title\" content=\"R\u00e9forme de l&#039;organisation territoriale de l&#039;Etat - Plong\u00e9e Plaisir, site officiel\" \/>\n<meta property=\"og:description\" content=\"ACTUALIT\u00c9 13\/06\/2019 Coordonnateur national de la r\u00e9forme des services de l&rsquo;\u00c9tat : Claude KUPFER, pr\u00e9fet Suite \u00e0 la consultation faite aupr\u00e8s des pr\u00e9fets il y a pr\u00e8s d&rsquo;un an, le cabinet du Premier ministre a publi\u00e9 le 12 juin une circulaire relative \u00e0 la mise en \u0153uvre de la r\u00e9forme de l&rsquo;organisation territoriale de l&rsquo;Etat. [&hellip;]\" \/>\n<meta property=\"og:url\" content=\"https:\/\/www.plongee-plaisir.com\/fr\/reforme-de-lorganisation-territoriale-de-letat\/\" \/>\n<meta property=\"og:site_name\" content=\"Plong\u00e9e Plaisir, site officiel\" \/>\n<meta property=\"article:published_time\" content=\"2019-06-13T12:50:00+00:00\" \/>\n<meta property=\"article:modified_time\" content=\"2021-04-09T14:06:08+00:00\" \/>\n<meta property=\"og:image\" content=\"https:\/\/www.plongee-plaisir.com\/fr\/wp-content\/uploads\/2019\/06\/La-reforme-de-l-administration-territoriale-de-l-Etat-ReATE_large.jpg\" \/>\n\t<meta property=\"og:image:width\" content=\"335\" \/>\n\t<meta property=\"og:image:height\" content=\"142\" \/>\n\t<meta property=\"og:image:type\" content=\"image\/jpeg\" \/>\n<meta name=\"author\" content=\"Alain Foret\" \/>\n<meta name=\"twitter:card\" content=\"summary_large_image\" \/>\n<meta name=\"twitter:label1\" content=\"\u00c9crit par\" \/>\n\t<meta name=\"twitter:data1\" content=\"Alain Foret\" \/>\n\t<meta name=\"twitter:label2\" content=\"Dur\u00e9e de lecture estim\u00e9e\" \/>\n\t<meta name=\"twitter:data2\" content=\"5 minutes\" \/>\n<script type=\"application\/ld+json\" class=\"yoast-schema-graph\">{\"@context\":\"https:\\\/\\\/schema.org\",\"@graph\":[{\"@type\":\"Article\",\"@id\":\"https:\\\/\\\/www.plongee-plaisir.com\\\/fr\\\/reforme-de-lorganisation-territoriale-de-letat\\\/#article\",\"isPartOf\":{\"@id\":\"https:\\\/\\\/www.plongee-plaisir.com\\\/fr\\\/reforme-de-lorganisation-territoriale-de-letat\\\/\"},\"author\":{\"name\":\"Alain Foret\",\"@id\":\"https:\\\/\\\/www.plongee-plaisir.com\\\/fr\\\/#\\\/schema\\\/person\\\/b6fcd01cea959599d9881be7398a953e\"},\"headline\":\"R\u00e9forme de l&rsquo;organisation territoriale de l&rsquo;Etat\",\"datePublished\":\"2019-06-13T12:50:00+00:00\",\"dateModified\":\"2021-04-09T14:06:08+00:00\",\"mainEntityOfPage\":{\"@id\":\"https:\\\/\\\/www.plongee-plaisir.com\\\/fr\\\/reforme-de-lorganisation-territoriale-de-letat\\\/\"},\"wordCount\":1145,\"commentCount\":0,\"image\":{\"@id\":\"https:\\\/\\\/www.plongee-plaisir.com\\\/fr\\\/reforme-de-lorganisation-territoriale-de-letat\\\/#primaryimage\"},\"thumbnailUrl\":\"https:\\\/\\\/www.plongee-plaisir.com\\\/fr\\\/wp-content\\\/uploads\\\/2019\\\/06\\\/La-reforme-de-l-administration-territoriale-de-l-Etat-ReATE_large.jpg\",\"articleSection\":[\"Actualit\u00e9 de la plong\u00e9e\"],\"inLanguage\":\"fr-FR\",\"potentialAction\":[{\"@type\":\"CommentAction\",\"name\":\"Comment\",\"target\":[\"https:\\\/\\\/www.plongee-plaisir.com\\\/fr\\\/reforme-de-lorganisation-territoriale-de-letat\\\/#respond\"]}]},{\"@type\":\"WebPage\",\"@id\":\"https:\\\/\\\/www.plongee-plaisir.com\\\/fr\\\/reforme-de-lorganisation-territoriale-de-letat\\\/\",\"url\":\"https:\\\/\\\/www.plongee-plaisir.com\\\/fr\\\/reforme-de-lorganisation-territoriale-de-letat\\\/\",\"name\":\"R\u00e9forme de l'organisation territoriale de l'Etat - Plong\u00e9e Plaisir, site officiel\",\"isPartOf\":{\"@id\":\"https:\\\/\\\/www.plongee-plaisir.com\\\/fr\\\/#website\"},\"primaryImageOfPage\":{\"@id\":\"https:\\\/\\\/www.plongee-plaisir.com\\\/fr\\\/reforme-de-lorganisation-territoriale-de-letat\\\/#primaryimage\"},\"image\":{\"@id\":\"https:\\\/\\\/www.plongee-plaisir.com\\\/fr\\\/reforme-de-lorganisation-territoriale-de-letat\\\/#primaryimage\"},\"thumbnailUrl\":\"https:\\\/\\\/www.plongee-plaisir.com\\\/fr\\\/wp-content\\\/uploads\\\/2019\\\/06\\\/La-reforme-de-l-administration-territoriale-de-l-Etat-ReATE_large.jpg\",\"datePublished\":\"2019-06-13T12:50:00+00:00\",\"dateModified\":\"2021-04-09T14:06:08+00:00\",\"author\":{\"@id\":\"https:\\\/\\\/www.plongee-plaisir.com\\\/fr\\\/#\\\/schema\\\/person\\\/b6fcd01cea959599d9881be7398a953e\"},\"breadcrumb\":{\"@id\":\"https:\\\/\\\/www.plongee-plaisir.com\\\/fr\\\/reforme-de-lorganisation-territoriale-de-letat\\\/#breadcrumb\"},\"inLanguage\":\"fr-FR\",\"potentialAction\":[{\"@type\":\"ReadAction\",\"target\":[\"https:\\\/\\\/www.plongee-plaisir.com\\\/fr\\\/reforme-de-lorganisation-territoriale-de-letat\\\/\"]}]},{\"@type\":\"ImageObject\",\"inLanguage\":\"fr-FR\",\"@id\":\"https:\\\/\\\/www.plongee-plaisir.com\\\/fr\\\/reforme-de-lorganisation-territoriale-de-letat\\\/#primaryimage\",\"url\":\"https:\\\/\\\/www.plongee-plaisir.com\\\/fr\\\/wp-content\\\/uploads\\\/2019\\\/06\\\/La-reforme-de-l-administration-territoriale-de-l-Etat-ReATE_large.jpg\",\"contentUrl\":\"https:\\\/\\\/www.plongee-plaisir.com\\\/fr\\\/wp-content\\\/uploads\\\/2019\\\/06\\\/La-reforme-de-l-administration-territoriale-de-l-Etat-ReATE_large.jpg\",\"width\":335,\"height\":142},{\"@type\":\"BreadcrumbList\",\"@id\":\"https:\\\/\\\/www.plongee-plaisir.com\\\/fr\\\/reforme-de-lorganisation-territoriale-de-letat\\\/#breadcrumb\",\"itemListElement\":[{\"@type\":\"ListItem\",\"position\":1,\"name\":\"Accueil\",\"item\":\"https:\\\/\\\/www.plongee-plaisir.com\\\/fr\\\/\"},{\"@type\":\"ListItem\",\"position\":2,\"name\":\"R\u00e9forme de l&rsquo;organisation territoriale de l&rsquo;Etat\"}]},{\"@type\":\"WebSite\",\"@id\":\"https:\\\/\\\/www.plongee-plaisir.com\\\/fr\\\/#website\",\"url\":\"https:\\\/\\\/www.plongee-plaisir.com\\\/fr\\\/\",\"name\":\"Plong\u00e9e Plaisir, site officiel\",\"description\":\"Apprendre \u00e0 plonger - Learning to dive\",\"potentialAction\":[{\"@type\":\"SearchAction\",\"target\":{\"@type\":\"EntryPoint\",\"urlTemplate\":\"https:\\\/\\\/www.plongee-plaisir.com\\\/fr\\\/?s={search_term_string}\"},\"query-input\":{\"@type\":\"PropertyValueSpecification\",\"valueRequired\":true,\"valueName\":\"search_term_string\"}}],\"inLanguage\":\"fr-FR\"},{\"@type\":\"Person\",\"@id\":\"https:\\\/\\\/www.plongee-plaisir.com\\\/fr\\\/#\\\/schema\\\/person\\\/b6fcd01cea959599d9881be7398a953e\",\"name\":\"Alain Foret\",\"image\":{\"@type\":\"ImageObject\",\"inLanguage\":\"fr-FR\",\"@id\":\"https:\\\/\\\/secure.gravatar.com\\\/avatar\\\/77f9e53b7ec84bfc09e96fd9c68d578050c71bc7aa3a96bd1cadbd827d64dc7b?s=96&d=mm&r=g\",\"url\":\"https:\\\/\\\/secure.gravatar.com\\\/avatar\\\/77f9e53b7ec84bfc09e96fd9c68d578050c71bc7aa3a96bd1cadbd827d64dc7b?s=96&d=mm&r=g\",\"contentUrl\":\"https:\\\/\\\/secure.gravatar.com\\\/avatar\\\/77f9e53b7ec84bfc09e96fd9c68d578050c71bc7aa3a96bd1cadbd827d64dc7b?s=96&d=mm&r=g\",\"caption\":\"Alain Foret\"},\"sameAs\":[\"https:\\\/\\\/www.plongee-plaisir.com\"],\"url\":\"https:\\\/\\\/www.plongee-plaisir.com\\\/fr\\\/author\\\/plongeeplaisir\\\/\"}]}<\/script>\n<!-- \/ Yoast SEO plugin. -->","yoast_head_json":{"title":"R\u00e9forme de l'organisation territoriale de l'Etat - Plong\u00e9e Plaisir, site officiel","robots":{"index":"index","follow":"follow","max-snippet":"max-snippet:-1","max-image-preview":"max-image-preview:large","max-video-preview":"max-video-preview:-1"},"canonical":"https:\/\/www.plongee-plaisir.com\/fr\/reforme-de-lorganisation-territoriale-de-letat\/","og_locale":"fr_FR","og_type":"article","og_title":"R\u00e9forme de l'organisation territoriale de l'Etat - Plong\u00e9e Plaisir, site officiel","og_description":"ACTUALIT\u00c9 13\/06\/2019 Coordonnateur national de la r\u00e9forme des services de l&rsquo;\u00c9tat : Claude KUPFER, pr\u00e9fet Suite \u00e0 la consultation faite aupr\u00e8s des pr\u00e9fets il y a pr\u00e8s d&rsquo;un an, le cabinet du Premier ministre a publi\u00e9 le 12 juin une circulaire relative \u00e0 la mise en \u0153uvre de la r\u00e9forme de l&rsquo;organisation territoriale de l&rsquo;Etat. [&hellip;]","og_url":"https:\/\/www.plongee-plaisir.com\/fr\/reforme-de-lorganisation-territoriale-de-letat\/","og_site_name":"Plong\u00e9e Plaisir, site officiel","article_published_time":"2019-06-13T12:50:00+00:00","article_modified_time":"2021-04-09T14:06:08+00:00","og_image":[{"width":335,"height":142,"url":"https:\/\/www.plongee-plaisir.com\/fr\/wp-content\/uploads\/2019\/06\/La-reforme-de-l-administration-territoriale-de-l-Etat-ReATE_large.jpg","type":"image\/jpeg"}],"author":"Alain Foret","twitter_card":"summary_large_image","twitter_misc":{"\u00c9crit par":"Alain Foret","Dur\u00e9e de lecture estim\u00e9e":"5 minutes"},"schema":{"@context":"https:\/\/schema.org","@graph":[{"@type":"Article","@id":"https:\/\/www.plongee-plaisir.com\/fr\/reforme-de-lorganisation-territoriale-de-letat\/#article","isPartOf":{"@id":"https:\/\/www.plongee-plaisir.com\/fr\/reforme-de-lorganisation-territoriale-de-letat\/"},"author":{"name":"Alain Foret","@id":"https:\/\/www.plongee-plaisir.com\/fr\/#\/schema\/person\/b6fcd01cea959599d9881be7398a953e"},"headline":"R\u00e9forme de l&rsquo;organisation territoriale de l&rsquo;Etat","datePublished":"2019-06-13T12:50:00+00:00","dateModified":"2021-04-09T14:06:08+00:00","mainEntityOfPage":{"@id":"https:\/\/www.plongee-plaisir.com\/fr\/reforme-de-lorganisation-territoriale-de-letat\/"},"wordCount":1145,"commentCount":0,"image":{"@id":"https:\/\/www.plongee-plaisir.com\/fr\/reforme-de-lorganisation-territoriale-de-letat\/#primaryimage"},"thumbnailUrl":"https:\/\/www.plongee-plaisir.com\/fr\/wp-content\/uploads\/2019\/06\/La-reforme-de-l-administration-territoriale-de-l-Etat-ReATE_large.jpg","articleSection":["Actualit\u00e9 de la plong\u00e9e"],"inLanguage":"fr-FR","potentialAction":[{"@type":"CommentAction","name":"Comment","target":["https:\/\/www.plongee-plaisir.com\/fr\/reforme-de-lorganisation-territoriale-de-letat\/#respond"]}]},{"@type":"WebPage","@id":"https:\/\/www.plongee-plaisir.com\/fr\/reforme-de-lorganisation-territoriale-de-letat\/","url":"https:\/\/www.plongee-plaisir.com\/fr\/reforme-de-lorganisation-territoriale-de-letat\/","name":"R\u00e9forme de l'organisation territoriale de l'Etat - Plong\u00e9e Plaisir, site officiel","isPartOf":{"@id":"https:\/\/www.plongee-plaisir.com\/fr\/#website"},"primaryImageOfPage":{"@id":"https:\/\/www.plongee-plaisir.com\/fr\/reforme-de-lorganisation-territoriale-de-letat\/#primaryimage"},"image":{"@id":"https:\/\/www.plongee-plaisir.com\/fr\/reforme-de-lorganisation-territoriale-de-letat\/#primaryimage"},"thumbnailUrl":"https:\/\/www.plongee-plaisir.com\/fr\/wp-content\/uploads\/2019\/06\/La-reforme-de-l-administration-territoriale-de-l-Etat-ReATE_large.jpg","datePublished":"2019-06-13T12:50:00+00:00","dateModified":"2021-04-09T14:06:08+00:00","author":{"@id":"https:\/\/www.plongee-plaisir.com\/fr\/#\/schema\/person\/b6fcd01cea959599d9881be7398a953e"},"breadcrumb":{"@id":"https:\/\/www.plongee-plaisir.com\/fr\/reforme-de-lorganisation-territoriale-de-letat\/#breadcrumb"},"inLanguage":"fr-FR","potentialAction":[{"@type":"ReadAction","target":["https:\/\/www.plongee-plaisir.com\/fr\/reforme-de-lorganisation-territoriale-de-letat\/"]}]},{"@type":"ImageObject","inLanguage":"fr-FR","@id":"https:\/\/www.plongee-plaisir.com\/fr\/reforme-de-lorganisation-territoriale-de-letat\/#primaryimage","url":"https:\/\/www.plongee-plaisir.com\/fr\/wp-content\/uploads\/2019\/06\/La-reforme-de-l-administration-territoriale-de-l-Etat-ReATE_large.jpg","contentUrl":"https:\/\/www.plongee-plaisir.com\/fr\/wp-content\/uploads\/2019\/06\/La-reforme-de-l-administration-territoriale-de-l-Etat-ReATE_large.jpg","width":335,"height":142},{"@type":"BreadcrumbList","@id":"https:\/\/www.plongee-plaisir.com\/fr\/reforme-de-lorganisation-territoriale-de-letat\/#breadcrumb","itemListElement":[{"@type":"ListItem","position":1,"name":"Accueil","item":"https:\/\/www.plongee-plaisir.com\/fr\/"},{"@type":"ListItem","position":2,"name":"R\u00e9forme de l&rsquo;organisation territoriale de l&rsquo;Etat"}]},{"@type":"WebSite","@id":"https:\/\/www.plongee-plaisir.com\/fr\/#website","url":"https:\/\/www.plongee-plaisir.com\/fr\/","name":"Plong\u00e9e Plaisir, site officiel","description":"Apprendre \u00e0 plonger - Learning to dive","potentialAction":[{"@type":"SearchAction","target":{"@type":"EntryPoint","urlTemplate":"https:\/\/www.plongee-plaisir.com\/fr\/?s={search_term_string}"},"query-input":{"@type":"PropertyValueSpecification","valueRequired":true,"valueName":"search_term_string"}}],"inLanguage":"fr-FR"},{"@type":"Person","@id":"https:\/\/www.plongee-plaisir.com\/fr\/#\/schema\/person\/b6fcd01cea959599d9881be7398a953e","name":"Alain Foret","image":{"@type":"ImageObject","inLanguage":"fr-FR","@id":"https:\/\/secure.gravatar.com\/avatar\/77f9e53b7ec84bfc09e96fd9c68d578050c71bc7aa3a96bd1cadbd827d64dc7b?s=96&d=mm&r=g","url":"https:\/\/secure.gravatar.com\/avatar\/77f9e53b7ec84bfc09e96fd9c68d578050c71bc7aa3a96bd1cadbd827d64dc7b?s=96&d=mm&r=g","contentUrl":"https:\/\/secure.gravatar.com\/avatar\/77f9e53b7ec84bfc09e96fd9c68d578050c71bc7aa3a96bd1cadbd827d64dc7b?s=96&d=mm&r=g","caption":"Alain Foret"},"sameAs":["https:\/\/www.plongee-plaisir.com"],"url":"https:\/\/www.plongee-plaisir.com\/fr\/author\/plongeeplaisir\/"}]}},"author_meta":{"display_name":"Alain Foret","author_link":"https:\/\/www.plongee-plaisir.com\/fr\/author\/plongeeplaisir\/"},"featured_img":"https:\/\/www.plongee-plaisir.com\/fr\/wp-content\/uploads\/2019\/06\/La-reforme-de-l-administration-territoriale-de-l-Etat-ReATE_large-300x127.jpg","featured_image_src":"https:\/\/www.plongee-plaisir.com\/fr\/wp-content\/uploads\/2019\/06\/La-reforme-de-l-administration-territoriale-de-l-Etat-ReATE_large.jpg","featured_image_src_square":"https:\/\/www.plongee-plaisir.com\/fr\/wp-content\/uploads\/2019\/06\/La-reforme-de-l-administration-territoriale-de-l-Etat-ReATE_large.jpg","author_info":{"display_name":"Alain Foret","author_link":"https:\/\/www.plongee-plaisir.com\/fr\/author\/plongeeplaisir\/"},"category_info":"<a href=\"https:\/\/www.plongee-plaisir.com\/fr\/category\/actualite-de-la-plongee\/\" rel=\"category tag\">Actualit\u00e9 de la plong\u00e9e<\/a>","tags_info":"","social_share_info":"<a data-share=\"facebook\" href=\"https:\/\/www.facebook.com\/sharer.php?u=https:\/\/www.plongee-plaisir.com\/fr\/reforme-de-lorganisation-territoriale-de-letat\/\" class=\"tb-facebook-share social-share-default tb-social-share\" target=\"_blank\"><i class=\"fab fa-facebook-f\" aria-hidden=\"true\"><\/i><\/a><a data-share=\"twitter\" href=\"https:\/\/twitter.com\/share?url=https:\/\/www.plongee-plaisir.com\/fr\/reforme-de-lorganisation-territoriale-de-letat\/\" class=\"tb-twiiter-share social-share-default tb-social-share\" target=\"_blank\"><i class=\"fab fa-twitter\" aria-hidden=\"true\"><\/i><\/a><a data-share=\"linkedin\" href=\"https:\/\/www.linkedin.com\/shareArticle?url=https:\/\/www.plongee-plaisir.com\/fr\/reforme-de-lorganisation-territoriale-de-letat\/\" class=\"tb-linkedin-share social-share-default tb-social-share\" target=\"_blank\"><i class=\"fab fa-linkedin-in\" aria-hidden=\"true\"><\/i><\/a>","wordExcerpt_info":"<p><!-- wp:paragraph {\"style\":{\"color\":{\"text\":\"#f42d76\"}},\"fontSize\":\"normal\"} --><\/p>\n<p class=\"has-text-color has-normal-font-size\" style=\"color:#f42d76\">ACTUALIT\u00c9<\/p>\n<p><!-- \/wp:paragraph --><\/p>\n<p><!-- wp:kadence\/spacer {\"spacerHeight\":17,\"dividerColor\":\"#f42d76\",\"dividerWidth\":100,\"dividerHeight\":10,\"uniqueID\":\"_72b3a8-64\"} --><\/p>\n<div class=\"wp-block-kadence-spacer aligncenter kt-block-spacer-_72b3a8-64\">\n<div class=\"kt-block-spacer kt-block-spacer-halign-center\" style=\"height:17px\">\n<hr class=\"kt-divider\" style=\"border-top-width:10px;width:100%;border-top-style:solid\" \/><\/div>\n<\/div>\n<p><!-- \/wp:kadence\/spacer --><\/p>\n<p><!-- wp:paragraph {\"fontSize\":\"small\"} --><\/p>\n<p class=\"has-small-font-size\">13\/06\/2019<\/p>\n<p><!-- \/wp:paragraph --><\/p>\n<p><!-- wp:image {\"id\":23695} --><\/p>\n<figure class=\"wp-block-image\"><img width=\"335\" height=\"142\" src=\"https:\/\/www.plongee-plaisir.com\/fr\/wp-content\/uploads\/2019\/06\/La-reforme-de-l-administration-territoriale-de-l-Etat-ReATE_large-1.jpg\" alt=\"\" class=\"wp-image-23695\" \/><\/figure>\n<p><!-- \/wp:image --><\/p>\n<p><!-- wp:paragraph --><\/p>\n<p><strong>Coordonnateur national de la r\u00e9forme des services de l&rsquo;\u00c9tat<\/strong> : Claude KUPFER, pr\u00e9fet<\/p>\n<p><!-- \/wp:paragraph --><\/p>\n<p><!-- wp:paragraph --><\/p>\n<p>Suite \u00e0 la consultation faite aupr\u00e8s des pr\u00e9fets il y a pr\u00e8s d&rsquo;un an, le cabinet du Premier ministre a publi\u00e9 le 12 juin une circulaire relative \u00e0 la mise en \u0153uvre de la <strong>r\u00e9forme de l&rsquo;organisation territoriale de l&rsquo;Etat<\/strong>.<\/p>\n<p><!-- \/wp:paragraph --><\/p>\n<p><!-- wp:paragraph --><\/p>\n<p>Ce projet de r\u00e9forme poursuit quatre objectifs.<\/p>\n<p><!-- \/wp:paragraph --><\/p>\n<p><!-- wp:list {\"ordered\":true} --><\/p>\n<ol>\n<li><strong>D\u00e9senchev\u00eatrer<\/strong> les comp\u00e9tences de l&rsquo;Etat, avec les collectivit\u00e9s territoriales, les op\u00e9rateurs et les acteurs hors de la sph\u00e8re publique ; <\/li>\n<li><strong>R\u00e9organiser le r\u00e9seau d\u00e9concentr\u00e9 de l&rsquo;Etat<\/strong> ;<\/li>\n<li>Gagner en <strong>efficience<\/strong> ;<\/li>\n<li>Conf\u00e9rer aux responsables d\u00e9concentr\u00e9s des <strong>pouvoirs de gestion accrus.<\/strong><\/li>\n<\/ol>\n<p><!-- \/wp:list --><\/p>\n<p><!-- wp:paragraph --><\/p>\n<p>La Jeunesse, la Vie Associative et le Sport font partie des domaines concern\u00e9s, avec en partie le <strong>transfert des formations et certifications \u00e0 l&rsquo;\u00e9ducation nationale<\/strong>. : <\/p>\n<p><!-- \/wp:paragraph --><\/p>\n<p><!-- wp:list --><\/p>\n<ul>\n<li>Jeunesse et vie associative : transfert \u00e0 l&rsquo;\u00e9ducation nationale et \u00e0 l&rsquo;enseignement sup\u00e9rieur de la formation \/ certification dans le secteur animation jeunesse, apr\u00e8s all\u00e8gement de la mission.<\/li>\n<li><strong>Sport, transfert de la mission <\/strong>\u00ab formation certification \u00bb \u00e0 l&rsquo;\u00e9ducation nationale,<strong> apr\u00e8s all\u00e8gement de la mission<\/strong>, et en \u00e9tudiant la possibilit\u00e9 d&rsquo;externaliser l&rsquo;homologation des installations sportives, \u00e0 l&rsquo;exception de la comp\u00e9tence pour les lieux accueillant du public.<\/li>\n<\/ul>\n<p><!-- \/wp:list --><\/p>\n<p><!-- wp:paragraph --><\/p>\n<p>Il faudra bien \u00e9videmment attendre les mesures d&rsquo;application pour conna\u00eetre les impacts concrets sur le terrain et l&rsquo;\u00e9ch\u00e9ancier de mise en place..<\/p>\n<p><!-- \/wp:paragraph --><\/p>\n<p><!-- wp:genesis-blocks\/gb-notice {\"noticeTitle\":\"Transfert \u00e0 l'\u00e9ducation nationale\",\"noticeBackgroundColor\":\"#209cef\"} --><\/p>\n<div style=\"color:#32373c;background-color:#209cef\" class=\"wp-block-genesis-blocks-gb-notice gb-font-size-18 gb-block-notice\" data-id=\"a13dac\">\n<div class=\"gb-notice-title\" style=\"color:#fff\">\n<p>Transfert \u00e0 l&rsquo;\u00e9ducation nationale<\/p>\n<\/div>\n<div class=\"gb-notice-text\" style=\"border-color:#209cef\">\n<p>D&rsquo;ores et d\u00e9j\u00e0, nous savons qu&rsquo;un principe est pos\u00e9 dans le domaine sportif : le <strong>transfert des formations et certifications \u00e0 l&rsquo;\u00e9ducation nationale.<\/strong><\/p>\n<\/div>\n<\/div>\n<p><!-- \/wp:genesis-blocks\/gb-notice --><\/p>\n<p><!-- wp:paragraph --><\/p>\n<p>Dit autrement, cela signe probablement le transfert des formations et certifications depuis les CREPS vers les UFR STAPS. <\/p>\n<p><!-- \/wp:paragraph --><\/p>\n<p><!-- wp:paragraph --><\/p>\n<p>La circulaire pr\u00e9cise que ce transfert s&rsquo;effectuera \u00ab\u00a0apr\u00e8s all\u00e9gement de la mission\u00a0\u00bb. Qu&rsquo;est-ce que cela signifie ? Une reconnaissance plus importante des formations f\u00e9d\u00e9rales dans le cadre des certifications faites par l&rsquo;Etat ? C&rsquo;est une possibilit\u00e9, il faudra attendre. les textes d&rsquo;application pour le savoir.<\/p>\n<p><!-- \/wp:paragraph --><\/p>\n<p><!-- wp:paragraph --><\/p>\n<p><strong>Autre interrogation : que se passera-t-il pour les activit\u00e9s \u00e0 environnement sp\u00e9cifique ? <\/strong>Suivront-elles le mouvement annonc\u00e9 vers l&rsquo;Education nationale ? Ou bien un <em>statu quo<\/em> sera-t-il d\u00e9cid\u00e9 pour ne rien changer \u00e0 la situation actuelle ? En quoi l&rsquo;environnement sp\u00e9cifique serait exclusivement li\u00e9 \u00e0 la d\u00e9livrance de brevets par le minist\u00e8re des Sports ? En quoi un \u00e9ventuel maintien au sein du minist\u00e8re des Sports emp\u00eacherait \u00ab\u00a0l&rsquo;all\u00e8gement de la mission\u00a0\u00bb pr\u00e9vu dans la circulaire ? Serait-ce une r\u00e9elle contrainte juridique ou un choix politique ? En plong\u00e9e, quelle r\u00e9ponse sera apport\u00e9e aux besoins de terrains en mati\u00e8re de main-d&rsquo;oeuvre pour faire face \u00e0 une activit\u00e9 saisonni\u00e8re en M\u00e9tropole ?  Une passerelle courte pour les MF1 r\u00e9pondrait \u00e0 fois \u00e0 la demande \u00ab\u00a0d&rsquo;all\u00e8gement de la formation\u00a0\u00bb et \u00e0 la demande de nombreux professionnels&#8230;<br \/><em>Rappel : l&rsquo;entr\u00e9e en formation DEJEPS s&rsquo;effectue actuellement en justifiant des aptitudes Plongeur Autonome 40 m et de 100 plong\u00e9es en milieu naturel dont 30 \u00e0 une profondeur d&rsquo;au moins 30 m\u00e8tres obtenues dans une p\u00e9riode de cinq ann\u00e9es pr\u00e9c\u00e9dant l&rsquo;entr\u00e9e en formation (<a rel=\"noreferrer noopener\" aria-label=\" (ouverture dans un nouvel onglet)\" href=\"https:\/\/www.legifrance.gouv.fr\/affichTexte.do?cidTexte=JORFTEXT000024388741&amp;categorieLien=id\" target=\"_blank\">arr\u00eat\u00e9 du 6 juillet 2011<\/a>). Cela justifie parfaitement d&rsquo;importants all\u00e8gements pour les MF1, sans rien conc\u00e9der \u00e0 la s\u00e9curit\u00e9, en correspondance avec l&rsquo;ancienne passerelle MF1\/BEES1.<\/em><\/p>\n<p><!-- \/wp:paragraph --><\/p>\n<p><!-- wp:paragraph --><\/p>\n<p>Cette r\u00e9forme pose \u00e9galement la question du prochain r\u00f4le des CREPS et du personnel employ\u00e9.<\/p>\n<p><!-- \/wp:paragraph --><\/p>\n<p><!-- wp:genesis-blocks\/gb-notice {\"noticeTitle\":\"Extraits essentiels de la circulaire du Premier ministre du 12 juin 2019\",\"noticeBackgroundColor\":\"#209cef\",\"noticeTextColor\":\"#313131\",\"noticeTitleColor\":\"#eeeeee\"} --><\/p>\n<div style=\"color:#313131;background-color:#209cef\" class=\"wp-block-genesis-blocks-gb-notice gb-font-size-18 gb-block-notice\" data-id=\"3ee6d9\">\n<div class=\"gb-notice-title\" style=\"color:#eeeeee\">\n<p>Extraits essentiels de la circulaire du Premier ministre du 12 juin 2019<\/p>\n<\/div>\n<div class=\"gb-notice-text\" style=\"border-color:#209cef\">\n<p>Un effort (&#8230;) de clarification des comp\u00e9tences doit \u00eatre conduit au sein de l&rsquo;Etat, et entre l&rsquo;Etat et les autres acteurs, dans les domaines suivants :<\/p>\n<p><strong>Jeunesse et vie associative<\/strong>, en transf\u00e9rant \u00e0 l&rsquo;\u00e9ducation nationale et \u00e0 l&rsquo;enseignement sup\u00e9rieur la formation \/ certification dans le secteur animation jeunesse, apr\u00e8s all\u00e8gement de la mission.<\/p>\n<p><strong>Sport,<\/strong> en <strong>transf\u00e9rant la mission \u00ab formation certification \u00bb \u00e0 l&rsquo;\u00e9ducation nationale<\/strong>, <strong>apr\u00e8s all\u00e8gement de la mission<\/strong>, et en \u00e9tudiant la possibilit\u00e9 d&rsquo;externaliser l&rsquo;homologation des installations sportives, \u00e0 l&rsquo;exception de la comp\u00e9tence pour les lieux accueillant du public. <br \/>(&#8230;.)<\/p>\n<p><strong>Cr\u00e9er le service public de l&rsquo;insertion<\/strong><br \/>(&#8230;)<br \/>Cette nouvelle organisation devra permettre d&rsquo;assurer un dialogue plus simple et plus efficace avec les acteurs du service public de l&rsquo;insertion que sont les conseils d\u00e9partementaux, les CAF et P\u00f4le Emploi. Elle se traduira de la mani\u00e8re suivante :<br \/>&#8211; Au niveau r\u00e9gional, en regroupant dans une entit\u00e9 unique les DIRECCTE et les DRJSCS ;<br \/>&#8211; Au niveau d\u00e9partemental, <strong>en regroupant les comp\u00e9tences en mati\u00e8re de lutte contre la pauvret\u00e9 et l&rsquo;exclusion des DDCS et des DRDJSCS, avec les comp\u00e9tences des unit\u00e9s d\u00e9partementales des DIRECCTE<\/strong>, dans un nouveau r\u00e9seau, celui des Directions d\u00e9partementales en charge de l&rsquo;insertion, de la coh\u00e9sion sociale, du travail et de l&#8217;emploi (leur nom fera l&rsquo;objet d&rsquo;une d\u00e9cision prochaine des ministres en charge, apr\u00e8s consultation du r\u00e9seau). Au sein de cette entit\u00e9, l&rsquo;inspection du travail conservera son syst\u00e8me actuel d&rsquo;organisation de la ligne hi\u00e9rarchique.<br \/>(&#8230;)<\/p>\n<p>Recentrer <strong>les missions Sport, Jeunesse et Vie associative<\/strong>, les rapprocher de\u00a0<strong>l\u2019Education nationale<\/strong>\u00a0et pr\u00e9parer la mise en \u0153uvre du\u00a0service national universel (SNU).<br \/>Inscrite dans le cadre d\u2019une d\u00e9marche \u00e9ducative, la mise en \u0153uvre du SNU sera assur\u00e9e par le minist\u00e8re de l\u2019\u00e9ducation nationale et de la jeunesse, qui se voit transf\u00e9rer les missions aujourd&rsquo;hui\u00a0exerc\u00e9es au sein des DRJSCS et des DDCS en mati\u00e8re de sport, de jeunesse, \u00e9ducation populaire et vie associative, avec pour objectif de les revoir et de les positionner notamment au service de la mise en \u0153uvre du SNU.<\/p>\n<p>S\u2019agissant de la jeunesse, de l\u2019\u00e9ducation populaire et\u00a0de la vie associative, les\u00a0\u00e9quipes d\u00e9partementales\u00a0seront dor\u00e9navant <strong>plac\u00e9es dans les\u00a0directions des services d\u00e9partementaux de l\u2019\u00e9ducation nationale<\/strong>\u00a0tout en restant sous l\u2019autorit\u00e9 du pr\u00e9fet de d\u00e9partement pour ces missions.<br \/>(&#8230;)<\/p>\n<p><strong>Les missions de l\u2019Etat seront recentr\u00e9es autour du soutien au sport de haut niveau<\/strong> et de l\u2019intervention dans les territoires les moins favoris\u00e9s.<\/p>\n<p>(&#8230;)<br \/>L\u2019agence du sport d\u00e9ploiera son action au niveau r\u00e9gional, <strong>via les CREPS<\/strong>,\u00a0pour ce qui rel\u00e8ve du sport de haut niveau, et au\u00a0niveau d\u00e9partemental, via des \u00e9quipes positionn\u00e9es dans les DASEN, s\u2019agissant du sport pour tous dans les territoires les moins favoris\u00e9s.<\/p>\n<p><strong>Le pr\u00e9fet sera le repr\u00e9sentant territorial de l\u2019agence du sport<\/strong> qui n\u2019aura d\u2019autres services d\u00e9concentr\u00e9s que ceux-ci-dessus mentionn\u00e9s.\u00a0\u00a0\u00a0<strong>Un d\u00e9l\u00e9gu\u00e9 acad\u00e9mique \u00e0 la jeunesse, \u00e0 l\u2019\u00e9ducation populaire, \u00e0 la vie associative et au sport\u00a0sera plac\u00e9 aupr\u00e8s du\u00a0recteur de r\u00e9gion acad\u00e9mique\u00a0<\/strong>et animera le r\u00e9seau des \u00e9quipes r\u00e9gionales et d\u00e9partementales charg\u00e9es de ces missions.<\/p>\n<\/div>\n<\/div>\n<p><!-- \/wp:genesis-blocks\/gb-notice --><\/p>\n<p><!-- wp:button {\"backgroundColor\":\"vivid-cyan-blue\",\"textColor\":\"very-light-gray\"} --><\/p>\n<div class=\"wp-block-button\"><a class=\"wp-block-button__link has-very-light-gray-color has-vivid-cyan-blue-background-color has-text-color has-background\" href=\"https:\/\/www.legifrance.gouv.fr\/affichTexte.do?cidTexte=JORFTEXT000038599066&amp;dateTexte=&amp;categorieLien=id\"><strong>T\u00e9l\u00e9charger le texte complet<\/strong><\/a><\/div>\n<p><!-- \/wp:button --><\/p>\n<p><!-- wp:paragraph --><\/p>\n<p><!-- \/wp:paragraph --><\/p>\n<p><!-- wp:paragraph --><\/p>\n<p><!-- \/wp:paragraph --><\/p>\n<p><!-- wp:paragraph --><\/p>\n<p>Bulles cordiales,<\/p>\n<p><!-- \/wp:paragraph --><\/p>\n<p><!-- wp:paragraph --><\/p>\n<p>Alain Foret<br \/>BEES2 Plong\u00e9e<br \/>Auteur des livres et supports p\u00e9dagogiques <em>Plong\u00e9e Plaisir<\/em><\/p>\n<p><!-- \/wp:paragraph --><\/p>\n<p><!-- wp:image {\"align\":\"left\",\"id\":48240,\"width\":30,\"sizeSlug\":\"large\",\"linkDestination\":\"none\",\"className\":\"is-style-default\"} --><\/p>\n<div class=\"wp-block-image is-style-default\">\n<figure class=\"alignleft size-large is-resized\"><img src=\"https:\/\/www.plongee-plaisir.com\/fr\/wp-content\/uploads\/2021\/02\/carre.jpg\" alt=\"\" class=\"wp-image-48240\" width=\"30\" \/><\/figure>\n<\/div>\n<p><!-- \/wp:image --><\/p>\n","comment_info":"0","uagb_featured_image_src":{"full":["https:\/\/www.plongee-plaisir.com\/fr\/wp-content\/uploads\/2019\/06\/La-reforme-de-l-administration-territoriale-de-l-Etat-ReATE_large.jpg",335,142,false],"thumbnail":["https:\/\/www.plongee-plaisir.com\/fr\/wp-content\/uploads\/2019\/06\/La-reforme-de-l-administration-territoriale-de-l-Etat-ReATE_large-150x142.jpg",150,142,true],"medium":["https:\/\/www.plongee-plaisir.com\/fr\/wp-content\/uploads\/2019\/06\/La-reforme-de-l-administration-territoriale-de-l-Etat-ReATE_large-300x127.jpg",300,127,true],"medium_large":["https:\/\/www.plongee-plaisir.com\/fr\/wp-content\/uploads\/2019\/06\/La-reforme-de-l-administration-territoriale-de-l-Etat-ReATE_large.jpg",335,142,false],"large":["https:\/\/www.plongee-plaisir.com\/fr\/wp-content\/uploads\/2019\/06\/La-reforme-de-l-administration-territoriale-de-l-Etat-ReATE_large.jpg",335,142,false],"1536x1536":["https:\/\/www.plongee-plaisir.com\/fr\/wp-content\/uploads\/2019\/06\/La-reforme-de-l-administration-territoriale-de-l-Etat-ReATE_large.jpg",335,142,false],"2048x2048":["https:\/\/www.plongee-plaisir.com\/fr\/wp-content\/uploads\/2019\/06\/La-reforme-de-l-administration-territoriale-de-l-Etat-ReATE_large.jpg",335,142,false],"featured-content":["https:\/\/www.plongee-plaisir.com\/fr\/wp-content\/uploads\/2019\/06\/La-reforme-de-l-administration-territoriale-de-l-Etat-ReATE_large.jpg",335,142,false],"author-pro-image":["https:\/\/www.plongee-plaisir.com\/fr\/wp-content\/uploads\/2019\/06\/La-reforme-de-l-administration-territoriale-de-l-Etat-ReATE_large.jpg",335,142,false],"tb-timeline-landscape":["https:\/\/www.plongee-plaisir.com\/fr\/wp-content\/uploads\/2019\/06\/La-reforme-de-l-administration-territoriale-de-l-Etat-ReATE_large.jpg",335,142,false],"tb-timeline-square":["https:\/\/www.plongee-plaisir.com\/fr\/wp-content\/uploads\/2019\/06\/La-reforme-de-l-administration-territoriale-de-l-Etat-ReATE_large.jpg",335,142,false],"ultp_layout_landscape_large":["https:\/\/www.plongee-plaisir.com\/fr\/wp-content\/uploads\/2019\/06\/La-reforme-de-l-administration-territoriale-de-l-Etat-ReATE_large.jpg",335,142,false],"ultp_layout_landscape":["https:\/\/www.plongee-plaisir.com\/fr\/wp-content\/uploads\/2019\/06\/La-reforme-de-l-administration-territoriale-de-l-Etat-ReATE_large.jpg",335,142,false],"ultp_layout_portrait":["https:\/\/www.plongee-plaisir.com\/fr\/wp-content\/uploads\/2019\/06\/La-reforme-de-l-administration-territoriale-de-l-Etat-ReATE_large.jpg",335,142,false],"ultp_layout_square":["https:\/\/www.plongee-plaisir.com\/fr\/wp-content\/uploads\/2019\/06\/La-reforme-de-l-administration-territoriale-de-l-Etat-ReATE_large.jpg",335,142,false],"vp_sm":["https:\/\/www.plongee-plaisir.com\/fr\/wp-content\/uploads\/2019\/06\/La-reforme-de-l-administration-territoriale-de-l-Etat-ReATE_large.jpg",335,142,false],"vp_md":["https:\/\/www.plongee-plaisir.com\/fr\/wp-content\/uploads\/2019\/06\/La-reforme-de-l-administration-territoriale-de-l-Etat-ReATE_large.jpg",335,142,false],"vp_lg":["https:\/\/www.plongee-plaisir.com\/fr\/wp-content\/uploads\/2019\/06\/La-reforme-de-l-administration-territoriale-de-l-Etat-ReATE_large.jpg",335,142,false],"vp_xl":["https:\/\/www.plongee-plaisir.com\/fr\/wp-content\/uploads\/2019\/06\/La-reforme-de-l-administration-territoriale-de-l-Etat-ReATE_large.jpg",335,142,false],"vp_sm_popup":["https:\/\/www.plongee-plaisir.com\/fr\/wp-content\/uploads\/2019\/06\/La-reforme-de-l-administration-territoriale-de-l-Etat-ReATE_large.jpg",335,142,false],"vp_md_popup":["https:\/\/www.plongee-plaisir.com\/fr\/wp-content\/uploads\/2019\/06\/La-reforme-de-l-administration-territoriale-de-l-Etat-ReATE_large.jpg",335,142,false],"vp_xl_popup":["https:\/\/www.plongee-plaisir.com\/fr\/wp-content\/uploads\/2019\/06\/La-reforme-de-l-administration-territoriale-de-l-Etat-ReATE_large.jpg",335,142,false],"gb-block-post-grid-landscape":["https:\/\/www.plongee-plaisir.com\/fr\/wp-content\/uploads\/2019\/06\/La-reforme-de-l-administration-territoriale-de-l-Etat-ReATE_large.jpg",335,142,false],"gb-block-post-grid-square":["https:\/\/www.plongee-plaisir.com\/fr\/wp-content\/uploads\/2019\/06\/La-reforme-de-l-administration-territoriale-de-l-Etat-ReATE_large.jpg",335,142,false],"woocommerce_thumbnail":["https:\/\/www.plongee-plaisir.com\/fr\/wp-content\/uploads\/2019\/06\/La-reforme-de-l-administration-territoriale-de-l-Etat-ReATE_large-300x127.jpg",300,127,true],"woocommerce_single":["https:\/\/www.plongee-plaisir.com\/fr\/wp-content\/uploads\/2019\/06\/La-reforme-de-l-administration-territoriale-de-l-Etat-ReATE_large.jpg",335,142,false],"woocommerce_gallery_thumbnail":["https:\/\/www.plongee-plaisir.com\/fr\/wp-content\/uploads\/2019\/06\/La-reforme-de-l-administration-territoriale-de-l-Etat-ReATE_large-100x100.jpg",100,100,true],"sow-carousel-default":["https:\/\/www.plongee-plaisir.com\/fr\/wp-content\/uploads\/2019\/06\/La-reforme-de-l-administration-territoriale-de-l-Etat-ReATE_large.jpg",272,115,false]},"uagb_author_info":{"display_name":"Alain Foret","author_link":"https:\/\/www.plongee-plaisir.com\/fr\/author\/plongeeplaisir\/"},"uagb_comment_info":0,"uagb_excerpt":"ACTUALIT\u00c9 13\/06\/2019 Coordonnateur national de la r\u00e9forme des services de l&rsquo;\u00c9tat : Claude KUPFER, pr\u00e9fet Suite \u00e0 la consultation faite aupr\u00e8s des pr\u00e9fets il y a pr\u00e8s d&rsquo;un an, le cabinet du Premier ministre a publi\u00e9 le 12 juin une circulaire relative \u00e0 la mise en \u0153uvre de la r\u00e9forme de l&rsquo;organisation territoriale de l&rsquo;Etat.\u2026","coauthors":[],"tax_additional":{"categories":{"linked":["<a href=\"https:\/\/www.plongee-plaisir.com\/fr\/category\/actualite-de-la-plongee\/\" class=\"advgb-post-tax-term\">Actualit\u00e9 de la plong\u00e9e<\/a>"],"unlinked":["<span class=\"advgb-post-tax-term\">Actualit\u00e9 de la plong\u00e9e<\/span>"]}},"comment_count":"0","relative_dates":{"created":"Publi\u00e9 7 ans il y a","modified":"Mis \u00e0 jour 5 ans il y a"},"absolute_dates":{"created":"Publi\u00e9 le 13 juin 2019","modified":"Mise \u00e0 jour le 9 avril 2021"},"absolute_dates_time":{"created":"Publi\u00e9 le 13 juin 2019 14 h 50 min","modified":"Mise \u00e0 jour le 9 avril 2021 16 h 06 min"},"featured_img_caption":"","series_order":"","amp_enabled":true,"_links":{"self":[{"href":"https:\/\/www.plongee-plaisir.com\/fr\/wp-json\/wp\/v2\/posts\/23691","targetHints":{"allow":["GET"]}}],"collection":[{"href":"https:\/\/www.plongee-plaisir.com\/fr\/wp-json\/wp\/v2\/posts"}],"about":[{"href":"https:\/\/www.plongee-plaisir.com\/fr\/wp-json\/wp\/v2\/types\/post"}],"author":[{"embeddable":true,"href":"https:\/\/www.plongee-plaisir.com\/fr\/wp-json\/wp\/v2\/users\/4"}],"replies":[{"embeddable":true,"href":"https:\/\/www.plongee-plaisir.com\/fr\/wp-json\/wp\/v2\/comments?post=23691"}],"version-history":[{"count":0,"href":"https:\/\/www.plongee-plaisir.com\/fr\/wp-json\/wp\/v2\/posts\/23691\/revisions"}],"wp:featuredmedia":[{"embeddable":true,"href":"https:\/\/www.plongee-plaisir.com\/fr\/wp-json\/wp\/v2\/media\/23694"}],"wp:attachment":[{"href":"https:\/\/www.plongee-plaisir.com\/fr\/wp-json\/wp\/v2\/media?parent=23691"}],"wp:term":[{"taxonomy":"category","embeddable":true,"href":"https:\/\/www.plongee-plaisir.com\/fr\/wp-json\/wp\/v2\/categories?post=23691"},{"taxonomy":"post_tag","embeddable":true,"href":"https:\/\/www.plongee-plaisir.com\/fr\/wp-json\/wp\/v2\/tags?post=23691"}],"curies":[{"name":"wp","href":"https:\/\/api.w.org\/{rel}","templated":true}]}}